{"id":3690,"date":"2025-06-04T11:43:27","date_gmt":"2025-06-04T09:43:27","guid":{"rendered":"https:\/\/yunmen.fr\/?p=3690"},"modified":"2025-06-04T11:43:27","modified_gmt":"2025-06-04T09:43:27","slug":"hypersensibilite","status":"publish","type":"post","link":"https:\/\/yunmen.fr\/index.php\/2025\/06\/04\/hypersensibilite\/","title":{"rendered":"HYPERSENSIBILITE"},"content":{"rendered":"<p>On parle souvent de l\u2019hypersensibilit\u00e9 comme d\u2019un fardeau. Comme si ressentir plus fort, plus finement, plus intens\u00e9ment, \u00e9tait une anomalie de fabrication. Une faiblesse. Une faille. Pourtant, il suffit parfois d\u2019un changement de focale, d\u2019un d\u00e9placement du regard, pour que ce qui paraissait trop devienne soudain\u2026 pr\u00e9cieux.<\/p>\n<p>Car qu\u2019est-ce que cette sensibilit\u00e9, sinon une capacit\u00e9 \u00e0 percevoir au-del\u00e0 des apparences ? Une finesse, une acuit\u00e9, une ouverture ? L\u00e0 o\u00f9 beaucoup passent \u00e0 c\u00f4t\u00e9, l\u2019hypersensible capte ce qui \u00e9chappe : les silences entre les mots, les tensions dans les corps, la beaut\u00e9 dans l\u2019\u00e9ph\u00e9m\u00e8re. C\u2019est une forme de lucidit\u00e9. Une intelligence du vivant, brute, pas toujours dompt\u00e9e. Une r\u00e9sonance parfois violente, souvent magnifique.<\/p>\n<p>Mais cette richesse a son revers. Lorsqu\u2019elle d\u00e9borde, lorsqu\u2019elle n\u2019est plus canalis\u00e9e mais subie, la sensibilit\u00e9 devient inconfort. Elle fatigue, \u00e9puise, bouscule. Ce n\u2019est plus une force, c\u2019est un tiraillement. Alors on parle de trouble. D\u2019hypersensibilit\u00e9. Comme si le mot pouvait tout contenir. Mais il ne dit rien de la diversit\u00e9 des v\u00e9cus. Certaines personnes sont sensibles au bruit, d\u2019autres \u00e0 l\u2019injustice, d\u2019autres encore \u00e0 la solitude, au chaos, \u00e0 la douleur d\u2019autrui. Ce ne sont pas les m\u00eames sensibilit\u00e9s, ni les m\u00eames histoires.<\/p>\n<p>Et puis, il y a ce glissement subtil : quand la sensibilit\u00e9 naturelle devient hyperr\u00e9activit\u00e9. Quand le corps anticipe, quand le mental dramatise, quand l\u2019\u00e9motion prend tout l\u2019espace. Il y a alors une confusion entre perception et r\u00e9action. Et dans cette confusion, l\u2019image de soi vacille. On se sent trop. Trop fragile, trop intense, trop \u00e0 fleur de peau. On s\u2019isole. On se juge. On se referme.<\/p>\n<p><strong>Mais ce mouvement n\u2019est pas irr\u00e9versible.<\/strong><\/p>\n<p>Il existe des p\u00e9riodes plus calmes, des instants suspendus, des jours o\u00f9 l\u2019on respire mieux. Et ces moments-l\u00e0 sont pr\u00e9cieux. Ils sont la preuve que rien n\u2019est fig\u00e9. Que notre sensibilit\u00e9 n\u2019est pas un \u00e9tat permanent, mais un paysage mouvant. Il arrive que le ciel se d\u00e9gage. Qu\u2019un vent plus doux traverse la journ\u00e9e. Ces \u00e9claircies ne sont pas des hasards. Elles disent quelque chose. Elles t\u00e9moignent d\u2019une possibilit\u00e9 : celle de retrouver un accord plus juste avec soi.<\/p>\n<p>Le simple fait de pouvoir dire : <em>l\u00e0, je vais un peu mieux<\/em>\u2026 est d\u00e9j\u00e0 une forme de victoire. Une amorce. Un point d\u2019appui. Un possible. Et parfois, c\u2019est de cela dont on a le plus besoin : d\u2019un simple possible. Pas d\u2019un miracle. Pas d\u2019un changement radical. Juste une br\u00e8che dans le \u201cc\u2019est comme \u00e7a\u201d.<\/p>\n<p>Alors, on peut commencer \u00e0 se questionner. Non pas en qu\u00eate de solutions imm\u00e9diates, mais en ouvrant doucement l\u2019espace du dialogue int\u00e9rieur. <em>Est-ce que je veux que quelque chose change ?<\/em> Cette question ne force rien. Elle n\u2019oblige pas. Elle invite. Et si, m\u00eame timidement, une part de nous r\u00e9pond \u00ab oui \u00bb, alors quelque chose en nous commence d\u00e9j\u00e0 \u00e0 se remettre en mouvement.<\/p>\n<p><strong>Des chemins existent. Des gestes discrets. Des approches respectueuses.<\/strong><\/p>\n<p>La Programmation Neuro-Linguistique, par exemple, permet d\u2019observer nos automatismes, nos encha\u00eenements int\u00e9rieurs, et de les d\u00e9nouer, doucement. Elle nous rend auteurs et autrices de nos r\u00e9actions. Elle nous apprend que ce que l\u2019on ressent est model\u00e9 par ce que l\u2019on pense, ce que l\u2019on projette, ce que l\u2019on imagine.<\/p>\n<p>L\u2019approche rog\u00e9rienne, elle, ne cherche pas \u00e0 \u201ccorriger\u201d mais \u00e0 accueillir. Elle cr\u00e9e un espace o\u00f9 l\u2019on n\u2019a plus besoin de se d\u00e9fendre. O\u00f9 l\u2019on peut simplement exister, avec ce que l\u2019on est, sans crainte d\u2019\u00eatre jug\u00e9\u00b7e. Et parfois, c\u2019est cette s\u00e9curit\u00e9-l\u00e0 qui nous permet enfin de rel\u00e2cher les tensions, de d\u00e9poser les masques, de respirer autrement.<\/p>\n<p>Et puis, il y a ce travail si simple et si profond de Byron Katie : interroger nos pens\u00e9es, non pour les rejeter, mais pour les rencontrer. Les retourner. Leur offrir une chance de se transformer. Ce n\u2019est pas une m\u00e9thode pour positiver \u00e0 tout prix. C\u2019est une fa\u00e7on de redonner \u00e0 notre mental une part de douceur et de clart\u00e9.<\/p>\n<p>Ce qu\u2019on appelle parfois hypersensibilit\u00e9 est peut-\u00eatre, en r\u00e9alit\u00e9, une invitation. Un appel \u00e0 ralentir, \u00e0 \u00e9couter autrement, \u00e0 vivre \u00e0 une autre fr\u00e9quence. C\u2019est un passage. Une travers\u00e9e. Et comme toute travers\u00e9e, elle a besoin de soutien, de patience, de bienveillance.<\/p>\n<p>Alors non, vous n\u2019\u00eates pas \u201ctrop\u201d. Vous \u00eates peut-\u00eatre juste en train d\u2019apprendre \u00e0 vous accorder. \u00c0 vous reconna\u00eetre. \u00c0 prendre soin de cette part de vous qui ressent fort, mais qui peut aussi, un jour, ressentir en paix.<\/p>\n<p><strong>Le corps et le psychisme ne sont pas s\u00e9par\u00e9s<\/strong><\/p>\n<p>Et ce chemin-l\u00e0, s\u2019il implique de prendre soin de nos pens\u00e9es, de nos \u00e9motions et de nos histoires personnelles, passe aussi \u2013 in\u00e9vitablement \u2013 par <strong>le corps<\/strong>. Trop souvent mis de c\u00f4t\u00e9 dans les approches de d\u00e9veloppement personnel, le corps est pourtant l\u2019interface la plus fid\u00e8le entre nos ressentis et notre \u00e9quilibre int\u00e9rieur.<\/p>\n<p>Car le lien entre \u00e9motions et corps n\u2019est pas m\u00e9taphorique, il est <strong>physiologique<\/strong>. Ce que nous vivons int\u00e9rieurement se manifeste dans notre posture, notre respiration, notre syst\u00e8me digestif, notre rythme cardiaque. Et, r\u00e9ciproquement, agir sur le corps peut apaiser l\u2019\u00e9motion.<\/p>\n<p>Les traditions anciennes, comme la <strong>m\u00e9decine traditionnelle chinoise<\/strong>, l&rsquo;ont toujours su : un d\u00e9s\u00e9quilibre \u00e9motionnel ne peut \u00eatre soign\u00e9 sans un r\u00e9\u00e9quilibrage de l\u2019\u00e9nergie vitale, du mouvement, de la respiration, de l\u2019ancrage dans le vivant. Chaque \u00e9motion correspond \u00e0 un organe, \u00e0 une \u00e9nergie, \u00e0 une saison. La tristesse \u00e9puise les poumons, la col\u00e8re stagne dans le foie, la peur puise dans les reins. Le corps est un paysage sensible, qui parle, qui porte, qui lib\u00e8re.<\/p>\n<p>Des recherches contemporaines viennent confirmer ces liens subtils entre \u00e9motion et posture, comme les travaux du neuroscientifique <strong>Antonio Damasio<\/strong>, qui souligne que le ressenti passe d\u2019abord par une perception corporelle des \u00e9tats internes. Ou encore ceux de <strong>Bessel van der Kolk<\/strong>, qui montre combien les traumas affectent le syst\u00e8me nerveux autonome, et comment des pratiques corporelles comme le yoga, la respiration consciente, ou le toucher th\u00e9rapeutique, peuvent permettre une v\u00e9ritable r\u00e9gulation \u00e9motionnelle.<\/p>\n<p>Faire de la place au corps, c\u2019est donc faire de la place \u00e0 la vie. \u00c0 la pr\u00e9sence. \u00c0 la stabilit\u00e9. Par le mouvement, par le souffle, par l\u2019attention douce qu\u2019on lui porte. Ce n\u2019est pas une technique, c\u2019est une \u00e9coute. Une fa\u00e7on de se dire : je reviens \u00e0 moi.<\/p>\n<p>L\u2019hypersensibilit\u00e9, dans ce cadre, n\u2019est plus une mal\u00e9diction \u00e0 fuir, mais un message \u00e0 d\u00e9crypter. Elle nous rappelle que nous avons besoin de revenir \u00e0 l\u2019int\u00e9rieur. De retrouver le contact avec notre base, avec nos sensations, avec cette part de nous qui ne passe pas par les mots, mais par le rythme.<\/p>\n<p>Et parfois, il suffit de cela pour commencer \u00e0 aller mieux : <strong>remettre les pieds sur terre, et le c\u0153ur en rythme avec soi-m\u00eame<\/strong>.<\/p>\n<p>&nbsp;<\/p>\n<p><strong>Pour aller plus loin : lectures et ressources<\/strong><\/p>\n<ul>\n<li><strong>Elaine Aron<\/strong>, <em>The Highly Sensitive Person<\/em> (1996)<br \/>\n\u2013 Ouvrage de r\u00e9f\u00e9rence sur les personnes hautement sensibles (HSP).<br \/>\n\u2013 Voir aussi : Aron, E. N., &amp; Aron, A. (1997). <em>Sensory-processing sensitivity and its relation to introversion and emotionality<\/em>. <em>Journal of Personality and Social Psychology<\/em>, 73(2), 345\u2013368.<\/li>\n<li><strong>Norman Doidge<\/strong>, <em>The Brain That Changes Itself<\/em> (2007)<br \/>\n\u2013 Ouvrage vulgaris\u00e9 sur la plasticit\u00e9 neuronale, avec des cas concrets d\u2019\u00e9volution psychique et sensorielle.<\/li>\n<li><strong>Carl Rogers<\/strong>, <em>On Becoming a Person<\/em> (1961)<br \/>\n\u2013 Ouvrage fondamental sur l\u2019approche centr\u00e9e sur la personne et les conditions d\u2019un changement authentique.<\/li>\n<li><strong>Byron Katie<\/strong>, <em>L\u2019aimer ce qui est<\/em> (<em>Loving What Is<\/em>)<br \/>\n\u2013 M\u00e9thode en 4 questions pour d\u00e9construire les pens\u00e9es souffrantes avec douceur.<\/li>\n<li><strong>Lizeretti &amp; Extremera (2011)<\/strong><br \/>\n\u2013 <em>Emotional intelligence and clinical symptoms in people with and without anxiety disorders<\/em>, <em>Journal of Anxiety Disorders<\/em>, 25(2), 341\u2013346.<\/li>\n<\/ul>\n<ul>\n<li><strong>Antonio Damasio<\/strong>, <em>The Feeling of What Happens: Body and Emotion in the Making of Consciousness<\/em> (1999) \u2014 sur la fa\u00e7on dont les \u00e9motions \u00e9mergent des ressentis corporels.<\/li>\n<li><strong>Bessel van der Kolk<\/strong>, <em>The Body Keeps the Score<\/em> (2014) \u2014 sur la m\u00e9moire traumatique et la r\u00e9gulation \u00e9motionnelle par le corps.<\/li>\n<li><strong>Meadows &amp; Rothschild<\/strong>, travaux sur le nerf vague et la r\u00e9gulation \u00e9motionnelle.<\/li>\n<li>M\u00e9decine Traditionnelle Chinoise : le lien \u00e9motion-organes est au c\u0153ur de l\u2019approche \u00e9nerg\u00e9tique. Voir par exemple <strong>Giovanni Maciocia<\/strong>, <em>The Foundations of Chinese Medicine<\/em>.<\/li>\n<\/ul>\n","protected":false},"excerpt":{"rendered":"<p>On parle souvent de l\u2019hypersensibilit\u00e9 comme d\u2019un fardeau. Comme si ressentir plus fort, plus finement, plus intens\u00e9ment, \u00e9tait une anomalie de fabrication. Une faiblesse. Une faille. Pourtant, il suffit parfois d\u2019un changement de focale, d\u2019un d\u00e9placement du regard, pour que ce qui paraissait trop devienne soudain\u2026 pr\u00e9cieux. Car qu\u2019est-ce que cette sensibilit\u00e9, sinon une capacit\u00e9 [&hellip;]<\/p>\n","protected":false},"author":1,"featured_media":0,"comment_status":"closed","ping_status":"closed","sticky":false,"template":"","format":"standard","meta":{"footnotes":""},"categories":[4],"tags":[28],"class_list":["post-3690","post","type-post","status-publish","format-standard","hentry","category-blog","tag-hypersensibilite"],"yoast_head":"<!-- This site is optimized with the Yoast SEO plugin v26.8 - https:\/\/yoast.com\/product\/yoast-seo-wordpress\/ -->\n<title>HYPERSENSIBILITE - Eric Langermann - massage tuina \u00e0 Strasbourg<\/title>\n<meta name=\"robots\" content=\"index, follow, max-snippet:-1, max-image-preview:large, max-video-preview:-1\" \/>\n<link rel=\"canonical\" href=\"https:\/\/yunmen.fr\/index.php\/2025\/06\/04\/hypersensibilite\/\" \/>\n<meta property=\"og:locale\" content=\"fr_FR\" \/>\n<meta property=\"og:type\" content=\"article\" \/>\n<meta property=\"og:title\" content=\"HYPERSENSIBILITE - Eric Langermann - massage tuina \u00e0 Strasbourg\" \/>\n<meta property=\"og:description\" content=\"On parle souvent de l\u2019hypersensibilit\u00e9 comme d\u2019un fardeau. Comme si ressentir plus fort, plus finement, plus intens\u00e9ment, \u00e9tait une anomalie de fabrication. Une faiblesse. Une faille. Pourtant, il suffit parfois d\u2019un changement de focale, d\u2019un d\u00e9placement du regard, pour que ce qui paraissait trop devienne soudain\u2026 pr\u00e9cieux. Car qu\u2019est-ce que cette sensibilit\u00e9, sinon une capacit\u00e9 [&hellip;]\" \/>\n<meta property=\"og:url\" content=\"https:\/\/yunmen.fr\/index.php\/2025\/06\/04\/hypersensibilite\/\" \/>\n<meta property=\"og:site_name\" content=\"Eric Langermann - massage tuina \u00e0 Strasbourg\" \/>\n<meta property=\"article:published_time\" content=\"2025-06-04T09:43:27+00:00\" \/>\n<meta name=\"author\" content=\"Eric LANGERMANN\" \/>\n<meta name=\"twitter:card\" content=\"summary_large_image\" \/>\n<meta name=\"twitter:label1\" content=\"\u00c9crit par\" \/>\n\t<meta name=\"twitter:data1\" content=\"Eric LANGERMANN\" \/>\n\t<meta name=\"twitter:label2\" content=\"Dur\u00e9e de lecture estim\u00e9e\" \/>\n\t<meta name=\"twitter:data2\" content=\"7 minutes\" \/>\n<script type=\"application\/ld+json\" class=\"yoast-schema-graph\">{\"@context\":\"https:\/\/schema.org\",\"@graph\":[{\"@type\":\"Article\",\"@id\":\"https:\/\/yunmen.fr\/index.php\/2025\/06\/04\/hypersensibilite\/#article\",\"isPartOf\":{\"@id\":\"https:\/\/yunmen.fr\/index.php\/2025\/06\/04\/hypersensibilite\/\"},\"author\":{\"name\":\"Eric LANGERMANN\",\"@id\":\"https:\/\/yunmen.fr\/#\/schema\/person\/364d63a1df2f204f6eba6ceb38cd9d35\"},\"headline\":\"HYPERSENSIBILITE\",\"datePublished\":\"2025-06-04T09:43:27+00:00\",\"mainEntityOfPage\":{\"@id\":\"https:\/\/yunmen.fr\/index.php\/2025\/06\/04\/hypersensibilite\/\"},\"wordCount\":1431,\"publisher\":{\"@id\":\"https:\/\/yunmen.fr\/#organization\"},\"keywords\":[\"HYPERSENSIBILITE\"],\"articleSection\":[\"Blog\"],\"inLanguage\":\"fr-FR\"},{\"@type\":\"WebPage\",\"@id\":\"https:\/\/yunmen.fr\/index.php\/2025\/06\/04\/hypersensibilite\/\",\"url\":\"https:\/\/yunmen.fr\/index.php\/2025\/06\/04\/hypersensibilite\/\",\"name\":\"HYPERSENSIBILITE - Eric Langermann - massage tuina \u00e0 Strasbourg\",\"isPartOf\":{\"@id\":\"https:\/\/yunmen.fr\/#website\"},\"datePublished\":\"2025-06-04T09:43:27+00:00\",\"breadcrumb\":{\"@id\":\"https:\/\/yunmen.fr\/index.php\/2025\/06\/04\/hypersensibilite\/#breadcrumb\"},\"inLanguage\":\"fr-FR\",\"potentialAction\":[{\"@type\":\"ReadAction\",\"target\":[\"https:\/\/yunmen.fr\/index.php\/2025\/06\/04\/hypersensibilite\/\"]}]},{\"@type\":\"BreadcrumbList\",\"@id\":\"https:\/\/yunmen.fr\/index.php\/2025\/06\/04\/hypersensibilite\/#breadcrumb\",\"itemListElement\":[{\"@type\":\"ListItem\",\"position\":1,\"name\":\"Accueil\",\"item\":\"https:\/\/yunmen.fr\/\"},{\"@type\":\"ListItem\",\"position\":2,\"name\":\"HYPERSENSIBILITE\"}]},{\"@type\":\"WebSite\",\"@id\":\"https:\/\/yunmen.fr\/#website\",\"url\":\"https:\/\/yunmen.fr\/\",\"name\":\"Eric Langermann - massage tuina \u00e0 Strasbourg\",\"description\":\"\",\"publisher\":{\"@id\":\"https:\/\/yunmen.fr\/#organization\"},\"potentialAction\":[{\"@type\":\"SearchAction\",\"target\":{\"@type\":\"EntryPoint\",\"urlTemplate\":\"https:\/\/yunmen.fr\/?s={search_term_string}\"},\"query-input\":{\"@type\":\"PropertyValueSpecification\",\"valueRequired\":true,\"valueName\":\"search_term_string\"}}],\"inLanguage\":\"fr-FR\"},{\"@type\":\"Organization\",\"@id\":\"https:\/\/yunmen.fr\/#organization\",\"name\":\"Eric Langermann - massage tuina \u00e0 Strasbourg\",\"url\":\"https:\/\/yunmen.fr\/\",\"logo\":{\"@type\":\"ImageObject\",\"inLanguage\":\"fr-FR\",\"@id\":\"https:\/\/yunmen.fr\/#\/schema\/logo\/image\/\",\"url\":\"https:\/\/yunmen.fr\/wp-content\/uploads\/2021\/01\/cropped-cropped-cropped-cropped-arbre-de-vie-perce4.jpg\",\"contentUrl\":\"https:\/\/yunmen.fr\/wp-content\/uploads\/2021\/01\/cropped-cropped-cropped-cropped-arbre-de-vie-perce4.jpg\",\"width\":509,\"height\":509,\"caption\":\"Eric Langermann - massage tuina \u00e0 Strasbourg\"},\"image\":{\"@id\":\"https:\/\/yunmen.fr\/#\/schema\/logo\/image\/\"}},{\"@type\":\"Person\",\"@id\":\"https:\/\/yunmen.fr\/#\/schema\/person\/364d63a1df2f204f6eba6ceb38cd9d35\",\"name\":\"Eric LANGERMANN\",\"image\":{\"@type\":\"ImageObject\",\"inLanguage\":\"fr-FR\",\"@id\":\"https:\/\/yunmen.fr\/#\/schema\/person\/image\/\",\"url\":\"https:\/\/secure.gravatar.com\/avatar\/06735aa1f82b92430adac342c8d83b1beae3957a0494f7a729bb61eb54083d85?s=96&d=mm&r=g\",\"contentUrl\":\"https:\/\/secure.gravatar.com\/avatar\/06735aa1f82b92430adac342c8d83b1beae3957a0494f7a729bb61eb54083d85?s=96&d=mm&r=g\",\"caption\":\"Eric LANGERMANN\"},\"url\":\"https:\/\/yunmen.fr\/index.php\/author\/admin7028\/\"}]}<\/script>\n<!-- \/ Yoast SEO plugin. -->","yoast_head_json":{"title":"HYPERSENSIBILITE - Eric Langermann - massage tuina \u00e0 Strasbourg","robots":{"index":"index","follow":"follow","max-snippet":"max-snippet:-1","max-image-preview":"max-image-preview:large","max-video-preview":"max-video-preview:-1"},"canonical":"https:\/\/yunmen.fr\/index.php\/2025\/06\/04\/hypersensibilite\/","og_locale":"fr_FR","og_type":"article","og_title":"HYPERSENSIBILITE - Eric Langermann - massage tuina \u00e0 Strasbourg","og_description":"On parle souvent de l\u2019hypersensibilit\u00e9 comme d\u2019un fardeau. Comme si ressentir plus fort, plus finement, plus intens\u00e9ment, \u00e9tait une anomalie de fabrication. Une faiblesse. Une faille. Pourtant, il suffit parfois d\u2019un changement de focale, d\u2019un d\u00e9placement du regard, pour que ce qui paraissait trop devienne soudain\u2026 pr\u00e9cieux. Car qu\u2019est-ce que cette sensibilit\u00e9, sinon une capacit\u00e9 [&hellip;]","og_url":"https:\/\/yunmen.fr\/index.php\/2025\/06\/04\/hypersensibilite\/","og_site_name":"Eric Langermann - massage tuina \u00e0 Strasbourg","article_published_time":"2025-06-04T09:43:27+00:00","author":"Eric LANGERMANN","twitter_card":"summary_large_image","twitter_misc":{"\u00c9crit par":"Eric LANGERMANN","Dur\u00e9e de lecture estim\u00e9e":"7 minutes"},"schema":{"@context":"https:\/\/schema.org","@graph":[{"@type":"Article","@id":"https:\/\/yunmen.fr\/index.php\/2025\/06\/04\/hypersensibilite\/#article","isPartOf":{"@id":"https:\/\/yunmen.fr\/index.php\/2025\/06\/04\/hypersensibilite\/"},"author":{"name":"Eric LANGERMANN","@id":"https:\/\/yunmen.fr\/#\/schema\/person\/364d63a1df2f204f6eba6ceb38cd9d35"},"headline":"HYPERSENSIBILITE","datePublished":"2025-06-04T09:43:27+00:00","mainEntityOfPage":{"@id":"https:\/\/yunmen.fr\/index.php\/2025\/06\/04\/hypersensibilite\/"},"wordCount":1431,"publisher":{"@id":"https:\/\/yunmen.fr\/#organization"},"keywords":["HYPERSENSIBILITE"],"articleSection":["Blog"],"inLanguage":"fr-FR"},{"@type":"WebPage","@id":"https:\/\/yunmen.fr\/index.php\/2025\/06\/04\/hypersensibilite\/","url":"https:\/\/yunmen.fr\/index.php\/2025\/06\/04\/hypersensibilite\/","name":"HYPERSENSIBILITE - Eric Langermann - massage tuina \u00e0 Strasbourg","isPartOf":{"@id":"https:\/\/yunmen.fr\/#website"},"datePublished":"2025-06-04T09:43:27+00:00","breadcrumb":{"@id":"https:\/\/yunmen.fr\/index.php\/2025\/06\/04\/hypersensibilite\/#breadcrumb"},"inLanguage":"fr-FR","potentialAction":[{"@type":"ReadAction","target":["https:\/\/yunmen.fr\/index.php\/2025\/06\/04\/hypersensibilite\/"]}]},{"@type":"BreadcrumbList","@id":"https:\/\/yunmen.fr\/index.php\/2025\/06\/04\/hypersensibilite\/#breadcrumb","itemListElement":[{"@type":"ListItem","position":1,"name":"Accueil","item":"https:\/\/yunmen.fr\/"},{"@type":"ListItem","position":2,"name":"HYPERSENSIBILITE"}]},{"@type":"WebSite","@id":"https:\/\/yunmen.fr\/#website","url":"https:\/\/yunmen.fr\/","name":"Eric Langermann - massage tuina \u00e0 Strasbourg","description":"","publisher":{"@id":"https:\/\/yunmen.fr\/#organization"},"potentialAction":[{"@type":"SearchAction","target":{"@type":"EntryPoint","urlTemplate":"https:\/\/yunmen.fr\/?s={search_term_string}"},"query-input":{"@type":"PropertyValueSpecification","valueRequired":true,"valueName":"search_term_string"}}],"inLanguage":"fr-FR"},{"@type":"Organization","@id":"https:\/\/yunmen.fr\/#organization","name":"Eric Langermann - massage tuina \u00e0 Strasbourg","url":"https:\/\/yunmen.fr\/","logo":{"@type":"ImageObject","inLanguage":"fr-FR","@id":"https:\/\/yunmen.fr\/#\/schema\/logo\/image\/","url":"https:\/\/yunmen.fr\/wp-content\/uploads\/2021\/01\/cropped-cropped-cropped-cropped-arbre-de-vie-perce4.jpg","contentUrl":"https:\/\/yunmen.fr\/wp-content\/uploads\/2021\/01\/cropped-cropped-cropped-cropped-arbre-de-vie-perce4.jpg","width":509,"height":509,"caption":"Eric Langermann - massage tuina \u00e0 Strasbourg"},"image":{"@id":"https:\/\/yunmen.fr\/#\/schema\/logo\/image\/"}},{"@type":"Person","@id":"https:\/\/yunmen.fr\/#\/schema\/person\/364d63a1df2f204f6eba6ceb38cd9d35","name":"Eric LANGERMANN","image":{"@type":"ImageObject","inLanguage":"fr-FR","@id":"https:\/\/yunmen.fr\/#\/schema\/person\/image\/","url":"https:\/\/secure.gravatar.com\/avatar\/06735aa1f82b92430adac342c8d83b1beae3957a0494f7a729bb61eb54083d85?s=96&d=mm&r=g","contentUrl":"https:\/\/secure.gravatar.com\/avatar\/06735aa1f82b92430adac342c8d83b1beae3957a0494f7a729bb61eb54083d85?s=96&d=mm&r=g","caption":"Eric LANGERMANN"},"url":"https:\/\/yunmen.fr\/index.php\/author\/admin7028\/"}]}},"_links":{"self":[{"href":"https:\/\/yunmen.fr\/index.php\/wp-json\/wp\/v2\/posts\/3690","targetHints":{"allow":["GET"]}}],"collection":[{"href":"https:\/\/yunmen.fr\/index.php\/wp-json\/wp\/v2\/posts"}],"about":[{"href":"https:\/\/yunmen.fr\/index.php\/wp-json\/wp\/v2\/types\/post"}],"author":[{"embeddable":true,"href":"https:\/\/yunmen.fr\/index.php\/wp-json\/wp\/v2\/users\/1"}],"replies":[{"embeddable":true,"href":"https:\/\/yunmen.fr\/index.php\/wp-json\/wp\/v2\/comments?post=3690"}],"version-history":[{"count":1,"href":"https:\/\/yunmen.fr\/index.php\/wp-json\/wp\/v2\/posts\/3690\/revisions"}],"predecessor-version":[{"id":3691,"href":"https:\/\/yunmen.fr\/index.php\/wp-json\/wp\/v2\/posts\/3690\/revisions\/3691"}],"wp:attachment":[{"href":"https:\/\/yunmen.fr\/index.php\/wp-json\/wp\/v2\/media?parent=3690"}],"wp:term":[{"taxonomy":"category","embeddable":true,"href":"https:\/\/yunmen.fr\/index.php\/wp-json\/wp\/v2\/categories?post=3690"},{"taxonomy":"post_tag","embeddable":true,"href":"https:\/\/yunmen.fr\/index.php\/wp-json\/wp\/v2\/tags?post=3690"}],"curies":[{"name":"wp","href":"https:\/\/api.w.org\/{rel}","templated":true}]}}